{"id":2907,"date":"2017-10-09T16:35:30","date_gmt":"2017-10-09T16:35:30","guid":{"rendered":"http:\/\/colegioceten.com.br\/site\/?p=2907"},"modified":"2021-05-24T17:37:34","modified_gmt":"2021-05-24T17:37:34","slug":"semana-da-crianca-0910","status":"publish","type":"post","link":"https:\/\/colegioceten.com.br\/site\/semana-da-crianca-0910\/","title":{"rendered":"Semana da Crian\u00e7a 09\/10"},"content":{"rendered":"<p>Abrindo a Semana da Crian\u00e7a na Educa\u00e7\u00e3o Infantil, o Palha\u00e7o Pirulito fez a alegria da galera!<\/p>\n<p>[ngg_images source=&#8221;galleries&#8221; container_ids=&#8221;53&#8243; display_type=&#8221;photocrati-nextgen_basic_thumbnails&#8221; override_thumbnail_settings=&#8221;0&#8243; thumbnail_width=&#8221;240&#8243; thumbnail_height=&#8221;160&#8243; thumbnail_crop=&#8221;1&#8243; images_per_page=&#8221;20&#8243; number_of_columns=&#8221;0&#8243; ajax_pagination=&#8221;0&#8243; show_all_in_lightbox=&#8221;0&#8243; use_imagebrowser_effect=&#8221;0&#8243; show_slideshow_link=&#8221;0&#8243; slideshow_link_text=&#8221;[Show slideshow]&#8221; order_by=&#8221;sortorder&#8221; order_direction=&#8221;ASC&#8221; returns=&#8221;included&#8221; maximum_entity_count=&#8221;500&#8243;]<\/p>\n","protected":false},"excerpt":{"rendered":"<p>Abrindo a Semana da Crian\u00e7a na Educa\u00e7\u00e3o Infantil, o Palha\u00e7o Pirulito fez a alegria da galera! [ngg_images source=&#8221;galleries&#8221; container_ids=&#8221;53&#8243; display_type=&#8221;photocrati-nextgen_basic_thumbnails&#8221; override_thumbnail_settings=&#8221;0&#8243; thumbnail_width=&#8221;240&#8243; thumbnail_height=&#8221;160&#8243; thumbnail_crop=&#8221;1&#8243; images_per_page=&#8221;20&#8243; number_of_columns=&#8221;0&#8243; ajax_pagination=&#8221;0&#8243; show_all_in_lightbox=&#8221;0&#8243; use_imagebrowser_effect=&#8221;0&#8243; show_slideshow_link=&#8221;0&#8243; slideshow_link_text=&#8221;[Show slideshow]&#8221; order_by=&#8221;sortorder&#8221; order_direction=&#8221;ASC&#8221; returns=&#8221;included&#8221; maximum_entity_count=&#8221;500&#8243;]<\/p>\n","protected":false},"author":3,"featured_media":3022,"comment_status":"open","ping_status":"open","sticky":false,"template":"","format":"standard","meta":{"footnotes":""},"categories":[3],"tags":[],"class_list":["post-2907","post","type-post","status-publish","format-standard","has-post-thumbnail","hentry","category-educacao-infantil"],"_links":{"self":[{"href":"https:\/\/colegioceten.com.br\/site\/wp-json\/wp\/v2\/posts\/2907","targetHints":{"allow":["GET"]}}],"collection":[{"href":"https:\/\/colegioceten.com.br\/site\/wp-json\/wp\/v2\/posts"}],"about":[{"href":"https:\/\/colegioceten.com.br\/site\/wp-json\/wp\/v2\/types\/post"}],"author":[{"embeddable":true,"href":"https:\/\/colegioceten.com.br\/site\/wp-json\/wp\/v2\/users\/3"}],"replies":[{"embeddable":true,"href":"https:\/\/colegioceten.com.br\/site\/wp-json\/wp\/v2\/comments?post=2907"}],"version-history":[{"count":2,"href":"https:\/\/colegioceten.com.br\/site\/wp-json\/wp\/v2\/posts\/2907\/revisions"}],"predecessor-version":[{"id":6835,"href":"https:\/\/colegioceten.com.br\/site\/wp-json\/wp\/v2\/posts\/2907\/revisions\/6835"}],"wp:featuredmedia":[{"embeddable":true,"href":"https:\/\/colegioceten.com.br\/site\/wp-json\/wp\/v2\/media\/3022"}],"wp:attachment":[{"href":"https:\/\/colegioceten.com.br\/site\/wp-json\/wp\/v2\/media?parent=2907"}],"wp:term":[{"taxonomy":"category","embeddable":true,"href":"https:\/\/colegioceten.com.br\/site\/wp-json\/wp\/v2\/categories?post=2907"},{"taxonomy":"post_tag","embeddable":true,"href":"https:\/\/colegioceten.com.br\/site\/wp-json\/wp\/v2\/tags?post=2907"}],"curies":[{"name":"wp","href":"https:\/\/api.w.org\/{rel}","templated":true}]}}